{"id":10,"date":"2023-02-13T12:10:00","date_gmt":"2023-02-13T12:10:00","guid":{"rendered":""},"modified":"2024-03-21T14:54:14","modified_gmt":"2024-03-21T14:54:14","slug":"dia-mundial-de-la-radio-celebramos-todos-este-gran-dia","status":"publish","type":"post","link":"https:\/\/radio.sopenabadajoz.org\/?p=10","title":{"rendered":"DIA MUNDIAL DE LA RADIO&#8230;&#8230;..CELEBRAMOS TODOS ESTE GRAN D\u00cdA&#8230;&#8230;"},"content":{"rendered":"<p>Nuestros alumnos de refuerzo de 2\u00ba de ESO nos explican los detalles de esta celebraci\u00f3n&#8230;..Qu\u00e9 celebramos &#8230;importancia de la radio, c\u00f3mo y cu\u00e1ndo se cre\u00f3&#8230;anecdotas&#8230;.y hasta peliculas d\u00f3nde la protagonista es la radio&#8230;.VAMOS ALL\u00c1&#8230;&#8230;&#8230;.<\/p>\n<div style=\"clear: both; text-align: center;\"><img loading=\"lazy\" decoding=\"async\" class=\"alignnone size-medium wp-image-207\" src=\"https:\/\/radio.sopenabadajoz.org\/wp-content\/uploads\/2023\/02\/microphones-1491020_1280-256x300.png\" alt=\"\" width=\"256\" height=\"300\" srcset=\"https:\/\/radio.sopenabadajoz.org\/wp-content\/uploads\/2023\/02\/microphones-1491020_1280-256x300.png 256w, https:\/\/radio.sopenabadajoz.org\/wp-content\/uploads\/2023\/02\/microphones-1491020_1280-874x1024.png 874w, https:\/\/radio.sopenabadajoz.org\/wp-content\/uploads\/2023\/02\/microphones-1491020_1280-768x900.png 768w, https:\/\/radio.sopenabadajoz.org\/wp-content\/uploads\/2023\/02\/microphones-1491020_1280-51x60.png 51w, https:\/\/radio.sopenabadajoz.org\/wp-content\/uploads\/2023\/02\/microphones-1491020_1280.png 1092w\" sizes=\"auto, (max-width: 256px) 100vw, 256px\" \/><\/div>\n<p><a href=\"https:\/\/www.diainternacionalde.com\/ficha\/dia-mundial-radio\">DIA MUNDIAL DE LA RADIO&#8230;INFORMACI\u00d3N<\/a><\/p>\n<div style=\"clear: both; text-align: center;\"><a style=\"margin-left: 1em; margin-right: 1em;\" href=\"https:\/\/radio.sopenabadajoz.org\/wp-content\/uploads\/2023\/02\/fotoradio.jpg\"><img loading=\"lazy\" decoding=\"async\" src=\"https:\/\/radio.sopenabadajoz.org\/wp-content\/uploads\/2023\/02\/fotoradio-300x125.jpg\" width=\"320\" height=\"133\" border=\"0\" data-original-height=\"400\" data-original-width=\"960\" \/><\/a><\/div>\n<p><a href=\"https:\/\/www.unesco.org\/es\/days\/world-radio\">INFORMACI\u00d3N UNESCO Radio<\/a><\/p>\n<div style=\"clear: both; text-align: center;\"><\/div>\n<p><a href=\"https:\/\/www.youtube.com\/watch?v=92d5KF4JPE4\">VIDEO IMPORTANCIA DE LA RADIO<\/a><\/p>\n<div style=\"clear: both; text-align: center;\"><\/div>\n<p><a href=\"https:\/\/go.ivoox.com\/rf\/102984165\">IVOOX DIA DE LA RADIO<\/a><\/p>\n","protected":false},"excerpt":{"rendered":"<p>Nuestros alumnos de refuerzo de 2\u00ba de ESO nos explican los detalles de esta celebraci\u00f3n&#8230;..Qu\u00e9 celebramos &#8230;importancia de la radio, c\u00f3mo y cu\u00e1ndo se cre\u00f3&#8230;anecdotas&#8230;.y hasta peliculas d\u00f3nde la protagonista es la radio&#8230;.VAMOS ALL\u00c1&#8230;&#8230;&#8230;. DIA &hellip; <\/p>\n","protected":false},"author":1,"featured_media":207,"comment_status":"open","ping_status":"closed","sticky":false,"template":"","format":"standard","meta":{"footnotes":""},"categories":[13,1],"tags":[],"class_list":["post-10","post","type-post","status-publish","format-standard","has-post-thumbnail","hentry","category-ed-secundaria","category-uncategorized","latest_post"],"_links":{"self":[{"href":"https:\/\/radio.sopenabadajoz.org\/index.php?rest_route=\/wp\/v2\/posts\/10","targetHints":{"allow":["GET"]}}],"collection":[{"href":"https:\/\/radio.sopenabadajoz.org\/index.php?rest_route=\/wp\/v2\/posts"}],"about":[{"href":"https:\/\/radio.sopenabadajoz.org\/index.php?rest_route=\/wp\/v2\/types\/post"}],"author":[{"embeddable":true,"href":"https:\/\/radio.sopenabadajoz.org\/index.php?rest_route=\/wp\/v2\/users\/1"}],"replies":[{"embeddable":true,"href":"https:\/\/radio.sopenabadajoz.org\/index.php?rest_route=%2Fwp%2Fv2%2Fcomments&post=10"}],"version-history":[{"count":4,"href":"https:\/\/radio.sopenabadajoz.org\/index.php?rest_route=\/wp\/v2\/posts\/10\/revisions"}],"predecessor-version":[{"id":247,"href":"https:\/\/radio.sopenabadajoz.org\/index.php?rest_route=\/wp\/v2\/posts\/10\/revisions\/247"}],"wp:featuredmedia":[{"embeddable":true,"href":"https:\/\/radio.sopenabadajoz.org\/index.php?rest_route=\/wp\/v2\/media\/207"}],"wp:attachment":[{"href":"https:\/\/radio.sopenabadajoz.org\/index.php?rest_route=%2Fwp%2Fv2%2Fmedia&parent=10"}],"wp:term":[{"taxonomy":"category","embeddable":true,"href":"https:\/\/radio.sopenabadajoz.org\/index.php?rest_route=%2Fwp%2Fv2%2Fcategories&post=10"},{"taxonomy":"post_tag","embeddable":true,"href":"https:\/\/radio.sopenabadajoz.org\/index.php?rest_route=%2Fwp%2Fv2%2Ftags&post=10"}],"curies":[{"name":"wp","href":"https:\/\/api.w.org\/{rel}","templated":true}]}}