{"id":36,"date":"2021-11-26T11:35:00","date_gmt":"2021-11-26T11:35:00","guid":{"rendered":"https:\/\/radio.sopenabadajoz.org\/?p=36"},"modified":"2021-11-26T11:35:00","modified_gmt":"2021-11-26T11:35:00","slug":"cuento-en-portugues","status":"publish","type":"post","link":"https:\/\/radio.sopenabadajoz.org\/?p=36","title":{"rendered":"CUENTO EN PORTUGUES&#8230;&#8230;&#8230;.."},"content":{"rendered":"<p>&nbsp;El compa\u00f1ero de 3\u00ba de la ESO, nos lee un cuento infantil para los m\u00e1s peque\u00f1os. Cuento&nbsp; t\u00edpico de Portugal , pais vecino y hermano.<\/p>\n<div style=\"clear: both; text-align: center;\"><a href=\"https:\/\/blogger.googleusercontent.com\/img\/a\/AVvXsEj8MxqIuS24WeVyTAbJQ4BAs7sRAC2di0cAswQlIsGJ_ousYddUzaH7_MQjx23i6Ri12EnDJPlr29e9EPCCLXHPBD8CEEwWPaLuRxwLItaFt0qTmQPRSb_D7Ia3CysVIHcwEMWB8-6g7NUNyUdVnYSxM-C2ol_Zom3YuqS1VBikGOrWvTJh2mFi2iqc=s1200\" style=\"margin-left: 1em; margin-right: 1em;\"><img loading=\"lazy\" decoding=\"async\" border=\"0\" data-original-height=\"675\" data-original-width=\"1200\" height=\"180\" src=\"https:\/\/blogger.googleusercontent.com\/img\/a\/AVvXsEj8MxqIuS24WeVyTAbJQ4BAs7sRAC2di0cAswQlIsGJ_ousYddUzaH7_MQjx23i6Ri12EnDJPlr29e9EPCCLXHPBD8CEEwWPaLuRxwLItaFt0qTmQPRSb_D7Ia3CysVIHcwEMWB8-6g7NUNyUdVnYSxM-C2ol_Zom3YuqS1VBikGOrWvTJh2mFi2iqc=s320\" width=\"320\" \/><\/a><\/div>\n<p><\/p>\n<div style=\"clear: both; text-align: center;\"><a href=\"https:\/\/blogger.googleusercontent.com\/img\/a\/AVvXsEh8p17pXhc8YAMOnpESykEBlqSKLobd47CAzJtcIsBXzjMzGwRWmEH2QbXs1aVXQWsqiTTCdl-avHQkrgahylEGj4n3kouZrsQtwNqLaTktV7fr40fOTlCIKIMCEkIiUpJYQ-ZGYu_DP4CmcgN2NXdlfyyRGvJWcRs1CnXEB2t1sIB6zBIZbUDFtToP=s1280\" style=\"margin-left: 1em; margin-right: 1em;\"><img loading=\"lazy\" decoding=\"async\" border=\"0\" data-original-height=\"720\" data-original-width=\"1280\" height=\"180\" src=\"https:\/\/blogger.googleusercontent.com\/img\/a\/AVvXsEh8p17pXhc8YAMOnpESykEBlqSKLobd47CAzJtcIsBXzjMzGwRWmEH2QbXs1aVXQWsqiTTCdl-avHQkrgahylEGj4n3kouZrsQtwNqLaTktV7fr40fOTlCIKIMCEkIiUpJYQ-ZGYu_DP4CmcgN2NXdlfyyRGvJWcRs1CnXEB2t1sIB6zBIZbUDFtToP=s320\" width=\"320\" \/><\/a><\/div>\n<p><\/p>\n<div style=\"clear: both; text-align: center;\"><a href=\"https:\/\/blogger.googleusercontent.com\/img\/a\/AVvXsEjeOd-Oq_-d48sLtZEC8xLqtuvMbSCOWhKJGmqCjhkWJJ0gVE0ZgNnkW7RelN5QB83ysXd6rJDJ4FXO1HeYUZda8uargRGadB9h-doDol9-ftXsDalUhEvEq5efsB_dj7VbouMe59KX3U8xKKM6kQupnJRr0C83Ayk5lBHfkB-TgenI8flM-i-LkO1b=s2048\" style=\"margin-left: 1em; margin-right: 1em;\"><img loading=\"lazy\" decoding=\"async\" border=\"0\" data-original-height=\"2048\" data-original-width=\"2048\" height=\"320\" src=\"https:\/\/blogger.googleusercontent.com\/img\/a\/AVvXsEjeOd-Oq_-d48sLtZEC8xLqtuvMbSCOWhKJGmqCjhkWJJ0gVE0ZgNnkW7RelN5QB83ysXd6rJDJ4FXO1HeYUZda8uargRGadB9h-doDol9-ftXsDalUhEvEq5efsB_dj7VbouMe59KX3U8xKKM6kQupnJRr0C83Ayk5lBHfkB-TgenI8flM-i-LkO1b=s320\" width=\"320\" \/><\/a><\/div>\n<p>ENLACE DE PODSCAT&#8230;&#8230;..<\/p>\n<div><a href=\"https:\/\/www.spreaker.com\/episode\/47719124\">https:\/\/www.spreaker.com\/episode\/47719124<\/a><\/p>\n<div><\/div>\n<div><\/div>\n<div>BREVE HISTORIA DE PORTUGAL-ESPA\u00d1OL<\/div>\n<div><a href=\"https:\/\/www.studycountry.com\/es\/guia-paises\/PT-history.htm\">https:\/\/www.studycountry.com\/es\/guia-paises\/PT-history.htm<\/a><\/div>\n<div><\/div>\n<div style=\"clear: both; text-align: center;\"><iframe loading=\"lazy\" allowfullscreen=\"\" height=\"266\" src=\"https:\/\/www.youtube.com\/embed\/e7SNcCr5hxc\" width=\"320\" youtube-src-><\/iframe><\/div>\n<div><a href=\"https:\/\/www.youtube.com\/watch?v=e7SNcCr5hxc%20https:\/\/www.youtube.com\/watch?v=e7SNcCr5hxc\"> https:\/\/www.youtube.com\/watch?v=e7SNcCr5hxc&nbsp;<\/a><\/div>\n<div><a href=\"https:\/\/www.youtube.com\/watch?v=e7SNcCr5hxc%20https:\/\/www.youtube.com\/watch?v=e7SNcCr5hxc\">https:\/\/www.youtube.com\/watch?v=e7SNcCr5hxc<\/a><\/div>\n<div>\n<div><\/p>\n<p><\/p>\n<\/div>\n<\/div>\n<\/div>\n","protected":false},"excerpt":{"rendered":"<p>&nbsp;El compa\u00f1ero de 3\u00ba de la ESO, nos lee un cuento infantil para los m\u00e1s peque\u00f1os. Cuento&nbsp; t\u00edpico de Portugal , pais vecino y hermano. ENLACE DE PODSCAT&#8230;&#8230;.. https:\/\/www.spreaker.com\/episode\/47719124 BREVE HISTORIA DE PORTUGAL-ESPA\u00d1OL https:\/\/www.studycountry.com\/es\/guia-paises\/PT-history.htm https:\/\/www.youtube.com\/watch?v=e7SNcCr5hxc&nbsp; &hellip; <\/p>\n","protected":false},"author":1,"featured_media":0,"comment_status":"open","ping_status":"closed","sticky":false,"template":"","format":"standard","meta":{"footnotes":""},"categories":[1],"tags":[],"class_list":["post-36","post","type-post","status-publish","format-standard","hentry","category-uncategorized","latest_post"],"_links":{"self":[{"href":"https:\/\/radio.sopenabadajoz.org\/index.php?rest_route=\/wp\/v2\/posts\/36","targetHints":{"allow":["GET"]}}],"collection":[{"href":"https:\/\/radio.sopenabadajoz.org\/index.php?rest_route=\/wp\/v2\/posts"}],"about":[{"href":"https:\/\/radio.sopenabadajoz.org\/index.php?rest_route=\/wp\/v2\/types\/post"}],"author":[{"embeddable":true,"href":"https:\/\/radio.sopenabadajoz.org\/index.php?rest_route=\/wp\/v2\/users\/1"}],"replies":[{"embeddable":true,"href":"https:\/\/radio.sopenabadajoz.org\/index.php?rest_route=%2Fwp%2Fv2%2Fcomments&post=36"}],"version-history":[{"count":0,"href":"https:\/\/radio.sopenabadajoz.org\/index.php?rest_route=\/wp\/v2\/posts\/36\/revisions"}],"wp:attachment":[{"href":"https:\/\/radio.sopenabadajoz.org\/index.php?rest_route=%2Fwp%2Fv2%2Fmedia&parent=36"}],"wp:term":[{"taxonomy":"category","embeddable":true,"href":"https:\/\/radio.sopenabadajoz.org\/index.php?rest_route=%2Fwp%2Fv2%2Fcategories&post=36"},{"taxonomy":"post_tag","embeddable":true,"href":"https:\/\/radio.sopenabadajoz.org\/index.php?rest_route=%2Fwp%2Fv2%2Ftags&post=36"}],"curies":[{"name":"wp","href":"https:\/\/api.w.org\/{rel}","templated":true}]}}