{"id":380,"date":"2025-02-15T07:26:12","date_gmt":"2025-02-15T07:26:12","guid":{"rendered":"https:\/\/radio.sopenabadajoz.org\/?p=380"},"modified":"2025-02-15T07:43:46","modified_gmt":"2025-02-15T07:43:46","slug":"how-green-is-your-food-proyecto-erasmus-4o-de-eso","status":"publish","type":"post","link":"https:\/\/radio.sopenabadajoz.org\/?p=380","title":{"rendered":"How Green Is Your Food? Proyecto Erasmus+ 4\u00ba de ESO"},"content":{"rendered":"<div class=\"wp-block-image\">\n<figure class=\"aligncenter\"><a href=\"https:\/\/blogger.googleusercontent.com\/img\/b\/R29vZ2xl\/AVvXsEj3kECHwyvNotToVQOgiM_tsLWiPgFiHxKEwWJJEyR0resY9KuBwR8uVkpR7RybiMtpMFwfOwyskVBd1jpXpjI67nzyzTDiil4hXXxKNtb-tZxb8GH5smcGkyxnQzvxwmATE1T9DNUnargXwCiD4FyRXLrUDIFxuojygmCr-RhizYS98JTWvGFvdJRK9Mg\/s5120\/WhatsApp%20Image%202025-02-01%20at%2010.59.12.jpeg\"><img decoding=\"async\" src=\"https:\/\/blogger.googleusercontent.com\/img\/b\/R29vZ2xl\/AVvXsEj3kECHwyvNotToVQOgiM_tsLWiPgFiHxKEwWJJEyR0resY9KuBwR8uVkpR7RybiMtpMFwfOwyskVBd1jpXpjI67nzyzTDiil4hXXxKNtb-tZxb8GH5smcGkyxnQzvxwmATE1T9DNUnargXwCiD4FyRXLrUDIFxuojygmCr-RhizYS98JTWvGFvdJRK9Mg\/w400-h300\/WhatsApp%20Image%202025-02-01%20at%2010.59.12.jpeg\" alt=\"\"\/><\/a><\/figure>\n<\/div>\n\n\n<p>Carolina e Isabel son dos alumnas de Alemania, del Colegio Gutemberg Gymnasium de Bergheim, cerca de Colonia. Han pasado en nuestro cole 3 semanas con una movilidad de ense\u00f1anza de corta duraci\u00f3n, sus compa\u00f1eras de acogida han sido Irene y Lucia L de 4\u00ba de ESO. Hoy nos cuentan c\u00f3mo ha sido su paso por el centro junto con la semana que compartieron con sus compa\u00f1eros. El proyecto How Green Is Your Food? est\u00e1 basado en el trabajo sobre el Clima, la Nutrici\u00f3n y la Justicia. <\/p>\n\n\n\n<p class=\"has-medium-font-size\"><strong><a href=\"https:\/\/sopenafundacion-my.sharepoint.com\/:u:\/g\/personal\/al_lopez_sopenabadajoz_org\/ERjrXmenN4RIngt_3jXPjrUBaiy1PHKrXvvCcttSm8cz4g?nav=eyJyZWZlcnJhbEluZm8iOnsicmVmZXJyYWxBcHAiOiJPbmVEcml2ZUZvckJ1c2luZXNzIiwicmVmZXJyYWxBcHBQbGF0Zm9ybSI6IldlYiIsInJlZmVycmFsTW9kZSI6InZpZXciLCJyZWZlcnJhbFZpZXciOiJNeUZpbGVzTGlua0NvcHkifX0&amp;e=SRoxTy\" data-type=\"link\" data-id=\"https:\/\/sopenafundacion-my.sharepoint.com\/:u:\/g\/personal\/al_lopez_sopenabadajoz_org\/ERjrXmenN4RIngt_3jXPjrUBaiy1PHKrXvvCcttSm8cz4g?nav=eyJyZWZlcnJhbEluZm8iOnsicmVmZXJyYWxBcHAiOiJPbmVEcml2ZUZvckJ1c2luZXNzIiwicmVmZXJyYWxBcHBQbGF0Zm9ybSI6IldlYiIsInJlZmVycmFsTW9kZSI6InZpZXciLCJyZWZlcnJhbFZpZXciOiJNeUZpbGVzTGlua0NvcHkifX0&amp;e=SRoxTy\">Pincha Aqu\u00ed <\/a>p<\/strong>ara escuchar nuestro podcast con la entrevista a manos de Luc\u00eda Blanco:<\/p>\n\n\n\n<figure class=\"wp-block-image size-large is-resized\"><img loading=\"lazy\" decoding=\"async\" width=\"1024\" height=\"577\" src=\"https:\/\/radio.sopenabadajoz.org\/wp-content\/uploads\/2025\/02\/WhatsApp-Image-2025-02-14-at-11.03.35-2-1024x577.jpeg\" alt=\"\" class=\"wp-image-387\" style=\"width:554px;height:auto\" srcset=\"https:\/\/radio.sopenabadajoz.org\/wp-content\/uploads\/2025\/02\/WhatsApp-Image-2025-02-14-at-11.03.35-2-1024x577.jpeg 1024w, https:\/\/radio.sopenabadajoz.org\/wp-content\/uploads\/2025\/02\/WhatsApp-Image-2025-02-14-at-11.03.35-2-300x169.jpeg 300w, https:\/\/radio.sopenabadajoz.org\/wp-content\/uploads\/2025\/02\/WhatsApp-Image-2025-02-14-at-11.03.35-2-768x432.jpeg 768w, https:\/\/radio.sopenabadajoz.org\/wp-content\/uploads\/2025\/02\/WhatsApp-Image-2025-02-14-at-11.03.35-2-1536x865.jpeg 1536w, https:\/\/radio.sopenabadajoz.org\/wp-content\/uploads\/2025\/02\/WhatsApp-Image-2025-02-14-at-11.03.35-2-107x60.jpeg 107w, https:\/\/radio.sopenabadajoz.org\/wp-content\/uploads\/2025\/02\/WhatsApp-Image-2025-02-14-at-11.03.35-2-840x473.jpeg 840w, https:\/\/radio.sopenabadajoz.org\/wp-content\/uploads\/2025\/02\/WhatsApp-Image-2025-02-14-at-11.03.35-2-1320x743.jpeg 1320w, https:\/\/radio.sopenabadajoz.org\/wp-content\/uploads\/2025\/02\/WhatsApp-Image-2025-02-14-at-11.03.35-2.jpeg 2000w\" sizes=\"auto, (max-width: 1024px) 100vw, 1024px\" \/><\/figure>\n\n\n\n<p>Puedes&nbsp;disfrutar tambi\u00e9n del video que han preparado nuestros socios Holandeses del Zone College de su experiencia en nuestro cole. <\/p>\n\n\n\n<figure class=\"wp-block-embed is-type-video is-provider-youtube wp-block-embed-youtube wp-embed-aspect-16-9 wp-has-aspect-ratio\"><div class=\"wp-block-embed__wrapper\">\n<iframe loading=\"lazy\" title=\"Erasmus+ Mobility January 25 Badajoz\" width=\"840\" height=\"473\" src=\"https:\/\/www.youtube.com\/embed\/kCx31ZyVIg4?feature=oembed\" frameborder=\"0\" allow=\"accelerometer; autoplay; clipboard-write; encrypted-media; gyroscope; picture-in-picture; web-share\" referrerpolicy=\"strict-origin-when-cross-origin\" allowfullscreen><\/iframe>\n<\/div><\/figure>\n\n\n\n<p id=\"https:\/\/school-education.ec.europa.eu\/en\/etwinning\/projects\/how-green-your-food-nutrition-climate-and-justice\/twinspace\/pages\">Puedes consultar m\u00e1s informaci\u00f3n en nuestro Twinspace del proyecto: <strong><a href=\"https:\/\/school-education.ec.europa.eu\/en\/etwinning\/projects\/how-green-your-food-nutrition-climate-and-justice\/twinspace\/pages\">https:\/\/school-education.ec.europa.eu\/en\/etwinning\/projects\/how-green-your-food-nutrition-climate-and-justice\/twinspace\/pages<\/a> <\/strong><\/p>\n\n\n<div class=\"wp-block-image\">\n<figure class=\"aligncenter\"><a href=\"https:\/\/blogger.googleusercontent.com\/img\/b\/R29vZ2xl\/AVvXsEiSfKLsRpJKxSJywmWhuRx8hZEEStg49sF3lXXz0ObKvu2hzWXnKUiBaJIBkPTVYAn0IT75S5oHWCNffljnwqcswt_Gy59dX365X48eGxTwtSeqHMTh95jkelq315ZrIwNTXk1qwtCWgMiCi1ruvL57Rq63oAdAw-KTpmXQBbqFvGRIRndfx4xPHVcuZkE\/s300\/etwinning-logo-png.png\"><img decoding=\"async\" src=\"https:\/\/blogger.googleusercontent.com\/img\/b\/R29vZ2xl\/AVvXsEiSfKLsRpJKxSJywmWhuRx8hZEEStg49sF3lXXz0ObKvu2hzWXnKUiBaJIBkPTVYAn0IT75S5oHWCNffljnwqcswt_Gy59dX365X48eGxTwtSeqHMTh95jkelq315ZrIwNTXk1qwtCWgMiCi1ruvL57Rq63oAdAw-KTpmXQBbqFvGRIRndfx4xPHVcuZkE\/s1600\/etwinning-logo-png.png\" alt=\"\"\/><\/a><\/figure>\n<\/div>\n\n<div class=\"wp-block-image\">\n<figure class=\"aligncenter is-resized\"><a href=\"https:\/\/blogger.googleusercontent.com\/img\/b\/R29vZ2xl\/AVvXsEjg9P99IcAojOFhsolwzjf6gyiqAn0KaZ6qn664pZeaN3C_F9kbmfi3x_cnd8TOcrvFcVq9z7GTRIo50OuBEX4Z08QX5VcDjYfw1vC5JiyILeADAecLbeMbnnybPu0YInfkuEu4cAlGWZyZUyJpBUTWHEk2hqIphTaw_qGBb-4Vm3aHe2J3Tpelsg3dLtM\/s1720\/cofinanciadoEN.png\"><img decoding=\"async\" src=\"https:\/\/blogger.googleusercontent.com\/img\/b\/R29vZ2xl\/AVvXsEjg9P99IcAojOFhsolwzjf6gyiqAn0KaZ6qn664pZeaN3C_F9kbmfi3x_cnd8TOcrvFcVq9z7GTRIo50OuBEX4Z08QX5VcDjYfw1vC5JiyILeADAecLbeMbnnybPu0YInfkuEu4cAlGWZyZUyJpBUTWHEk2hqIphTaw_qGBb-4Vm3aHe2J3Tpelsg3dLtM\/s320\/cofinanciadoEN.png\" alt=\"\" style=\"width:500px;height:auto\"\/><\/a><\/figure>\n<\/div>\n\n<div class=\"wp-block-image\">\n<figure class=\"aligncenter is-resized\"><a href=\"https:\/\/blogger.googleusercontent.com\/img\/b\/R29vZ2xl\/AVvXsEgJ9n7U0QPH-LnZ8Hr48ZCGoYn1_P3AoH6L_qmucyMvothb-9FBtPRH6_yx8mOULrXpqw3DbAro9GVhUi0QWHtHJGxGRVBnJcE4wggbYlw_jMTrkuMxOvPkPIMmhp7dtqbJGz78s1G7NT0eKohhEBH-mfy5dZ-pzpzKDaDMBvkaAiGRAW8LFYkUN2UMU2E\/s1964\/Erasmus+%20para%20difusion.jpg\"><img decoding=\"async\" src=\"https:\/\/blogger.googleusercontent.com\/img\/b\/R29vZ2xl\/AVvXsEgJ9n7U0QPH-LnZ8Hr48ZCGoYn1_P3AoH6L_qmucyMvothb-9FBtPRH6_yx8mOULrXpqw3DbAro9GVhUi0QWHtHJGxGRVBnJcE4wggbYlw_jMTrkuMxOvPkPIMmhp7dtqbJGz78s1G7NT0eKohhEBH-mfy5dZ-pzpzKDaDMBvkaAiGRAW8LFYkUN2UMU2E\/s320\/Erasmus+%20para%20difusion.jpg\" alt=\"\" style=\"width:608px;height:auto\"\/><\/a><\/figure>\n<\/div>","protected":false},"excerpt":{"rendered":"<p>Carolina e Isabel son dos alumnas de Alemania, del Colegio Gutemberg Gymnasium de Bergheim, cerca de Colonia. Han pasado en nuestro cole 3 semanas con una movilidad de ense\u00f1anza de corta duraci\u00f3n, sus compa\u00f1eras de &hellip; <\/p>\n","protected":false},"author":3,"featured_media":387,"comment_status":"open","ping_status":"closed","sticky":false,"template":"","format":"standard","meta":{"footnotes":""},"categories":[13,15,19],"tags":[17,18,10],"class_list":["post-380","post","type-post","status-publish","format-standard","has-post-thumbnail","hentry","category-ed-secundaria","category-erasmus","category-etwinning","tag-erasmus","tag-etwinning","tag-radio-escolar","latest_post"],"_links":{"self":[{"href":"https:\/\/radio.sopenabadajoz.org\/index.php?rest_route=\/wp\/v2\/posts\/380","targetHints":{"allow":["GET"]}}],"collection":[{"href":"https:\/\/radio.sopenabadajoz.org\/index.php?rest_route=\/wp\/v2\/posts"}],"about":[{"href":"https:\/\/radio.sopenabadajoz.org\/index.php?rest_route=\/wp\/v2\/types\/post"}],"author":[{"embeddable":true,"href":"https:\/\/radio.sopenabadajoz.org\/index.php?rest_route=\/wp\/v2\/users\/3"}],"replies":[{"embeddable":true,"href":"https:\/\/radio.sopenabadajoz.org\/index.php?rest_route=%2Fwp%2Fv2%2Fcomments&post=380"}],"version-history":[{"count":5,"href":"https:\/\/radio.sopenabadajoz.org\/index.php?rest_route=\/wp\/v2\/posts\/380\/revisions"}],"predecessor-version":[{"id":390,"href":"https:\/\/radio.sopenabadajoz.org\/index.php?rest_route=\/wp\/v2\/posts\/380\/revisions\/390"}],"wp:featuredmedia":[{"embeddable":true,"href":"https:\/\/radio.sopenabadajoz.org\/index.php?rest_route=\/wp\/v2\/media\/387"}],"wp:attachment":[{"href":"https:\/\/radio.sopenabadajoz.org\/index.php?rest_route=%2Fwp%2Fv2%2Fmedia&parent=380"}],"wp:term":[{"taxonomy":"category","embeddable":true,"href":"https:\/\/radio.sopenabadajoz.org\/index.php?rest_route=%2Fwp%2Fv2%2Fcategories&post=380"},{"taxonomy":"post_tag","embeddable":true,"href":"https:\/\/radio.sopenabadajoz.org\/index.php?rest_route=%2Fwp%2Fv2%2Ftags&post=380"}],"curies":[{"name":"wp","href":"https:\/\/api.w.org\/{rel}","templated":true}]}}