{"id":392,"date":"2025-03-02T07:46:35","date_gmt":"2025-03-02T07:46:35","guid":{"rendered":"https:\/\/radio.sopenabadajoz.org\/?p=392"},"modified":"2025-03-02T07:46:35","modified_gmt":"2025-03-02T07:46:35","slug":"different-countries-same-values","status":"publish","type":"post","link":"https:\/\/radio.sopenabadajoz.org\/?p=392","title":{"rendered":"Different Countries, Same Values."},"content":{"rendered":"\n<p>Hace unas semanas nuestros compa\u00f1eros de 3\u00ba de ESO estuvieron disfrutando de una movilidad Erasmus+ en Cascais, Portugal, dentro del proyecto <strong>Different Countries, Same Values.<\/strong><\/p>\n\n\n\n<p>Con esta entrevista Pablo Fern\u00e1ndez invita a \u00c1ngela, Mario, Nicol\u00e1s, Julia, Andr\u00e9s, Luc\u00eda, David a que nos expliquen en qu\u00e9 ha consistido esta experiencia.<\/p>\n\n\n\n<p><a href=\"https:\/\/sopenafundacion-my.sharepoint.com\/:u:\/g\/personal\/al_lopez_sopenabadajoz_org\/EVvNQMN-qTVAsMdhpLDMg5EBVKqGCcrpzGFA6zLko6aD7Q?e=EfjMsa&amp;nav=eyJyZWZlcnJhbEluZm8iOnsicmVmZXJyYWxBcHAiOiJTdHJlYW1XZWJBcHAiLCJyZWZlcnJhbFZpZXciOiJTaGFyZURpYWxvZy1MaW5rIiwicmVmZXJyYWxBcHBQbGF0Zm9ybSI6IldlYiIsInJlZmVycmFsTW9kZSI6InZpZXcifX0%3D\" data-type=\"link\" data-id=\"https:\/\/sopenafundacion-my.sharepoint.com\/:u:\/g\/personal\/al_lopez_sopenabadajoz_org\/EVvNQMN-qTVAsMdhpLDMg5EBVKqGCcrpzGFA6zLko6aD7Q?e=EfjMsa&amp;nav=eyJyZWZlcnJhbEluZm8iOnsicmVmZXJyYWxBcHAiOiJTdHJlYW1XZWJBcHAiLCJyZWZlcnJhbFZpZXciOiJTaGFyZURpYWxvZy1MaW5rIiwicmVmZXJyYWxBcHBQbGF0Zm9ybSI6IldlYiIsInJlZmVycmFsTW9kZSI6InZpZXcifX0%3D\">Pincha aqu\u00ed<\/a> para escuchar la entrevista entera, <\/p>\n\n\n\n<figure class=\"wp-block-image size-full\"><img loading=\"lazy\" decoding=\"async\" width=\"1000\" height=\"491\" src=\"https:\/\/radio.sopenabadajoz.org\/wp-content\/uploads\/2025\/03\/Captura-de-Pantalla-2025-03-02-a-las-8.43.02.png\" alt=\"\" class=\"wp-image-394\" srcset=\"https:\/\/radio.sopenabadajoz.org\/wp-content\/uploads\/2025\/03\/Captura-de-Pantalla-2025-03-02-a-las-8.43.02.png 1000w, https:\/\/radio.sopenabadajoz.org\/wp-content\/uploads\/2025\/03\/Captura-de-Pantalla-2025-03-02-a-las-8.43.02-300x147.png 300w, https:\/\/radio.sopenabadajoz.org\/wp-content\/uploads\/2025\/03\/Captura-de-Pantalla-2025-03-02-a-las-8.43.02-768x377.png 768w, https:\/\/radio.sopenabadajoz.org\/wp-content\/uploads\/2025\/03\/Captura-de-Pantalla-2025-03-02-a-las-8.43.02-122x60.png 122w\" sizes=\"auto, (max-width: 1000px) 100vw, 1000px\" \/><\/figure>\n","protected":false},"excerpt":{"rendered":"<p>Hace unas semanas nuestros compa\u00f1eros de 3\u00ba de ESO estuvieron disfrutando de una movilidad Erasmus+ en Cascais, Portugal, dentro del proyecto Different Countries, Same Values. Con esta entrevista Pablo Fern\u00e1ndez invita a \u00c1ngela, Mario, Nicol\u00e1s, &hellip; <\/p>\n","protected":false},"author":1,"featured_media":395,"comment_status":"open","ping_status":"closed","sticky":false,"template":"","format":"standard","meta":{"footnotes":""},"categories":[13,15],"tags":[],"class_list":["post-392","post","type-post","status-publish","format-standard","has-post-thumbnail","hentry","category-ed-secundaria","category-erasmus","latest_post"],"_links":{"self":[{"href":"https:\/\/radio.sopenabadajoz.org\/index.php?rest_route=\/wp\/v2\/posts\/392","targetHints":{"allow":["GET"]}}],"collection":[{"href":"https:\/\/radio.sopenabadajoz.org\/index.php?rest_route=\/wp\/v2\/posts"}],"about":[{"href":"https:\/\/radio.sopenabadajoz.org\/index.php?rest_route=\/wp\/v2\/types\/post"}],"author":[{"embeddable":true,"href":"https:\/\/radio.sopenabadajoz.org\/index.php?rest_route=\/wp\/v2\/users\/1"}],"replies":[{"embeddable":true,"href":"https:\/\/radio.sopenabadajoz.org\/index.php?rest_route=%2Fwp%2Fv2%2Fcomments&post=392"}],"version-history":[{"count":2,"href":"https:\/\/radio.sopenabadajoz.org\/index.php?rest_route=\/wp\/v2\/posts\/392\/revisions"}],"predecessor-version":[{"id":396,"href":"https:\/\/radio.sopenabadajoz.org\/index.php?rest_route=\/wp\/v2\/posts\/392\/revisions\/396"}],"wp:featuredmedia":[{"embeddable":true,"href":"https:\/\/radio.sopenabadajoz.org\/index.php?rest_route=\/wp\/v2\/media\/395"}],"wp:attachment":[{"href":"https:\/\/radio.sopenabadajoz.org\/index.php?rest_route=%2Fwp%2Fv2%2Fmedia&parent=392"}],"wp:term":[{"taxonomy":"category","embeddable":true,"href":"https:\/\/radio.sopenabadajoz.org\/index.php?rest_route=%2Fwp%2Fv2%2Fcategories&post=392"},{"taxonomy":"post_tag","embeddable":true,"href":"https:\/\/radio.sopenabadajoz.org\/index.php?rest_route=%2Fwp%2Fv2%2Ftags&post=392"}],"curies":[{"name":"wp","href":"https:\/\/api.w.org\/{rel}","templated":true}]}}