{"id":407,"date":"2025-05-22T14:26:06","date_gmt":"2025-05-22T14:26:06","guid":{"rendered":"https:\/\/radio.sopenabadajoz.org\/?p=407"},"modified":"2025-05-22T14:26:06","modified_gmt":"2025-05-22T14:26:06","slug":"movilidad-corta-duracion-en-4o-eso","status":"publish","type":"post","link":"https:\/\/radio.sopenabadajoz.org\/?p=407","title":{"rendered":"Movilidad Corta Duraci\u00f3n en 4\u00ba ESO"},"content":{"rendered":"\n<p>Tras su aventura en Alemania de casi un mes, Irene y Lucia de 4\u00ba ESO  nos cuentan para Radio Sope\u00f1a como ha ido su experiencia en una Movilidad ERASMUS+ de Corta Duraci\u00f3n. Su compa\u00f1era de clase Luc\u00eda Blanco, las entrevista para conocer de primera mano detalles y recomendaciones de los d\u00edas que han pasado en el Gymnasium Guttemberg de Bergheim.<\/p>\n\n\n\n<p>Pincha aqu\u00ed para escuchar la entrevista: <a href=\"https:\/\/sopenafundacion-my.sharepoint.com\/:u:\/g\/personal\/al_lopez_sopenabadajoz_org\/ESMz90-WLY5Fu_PMKOmC0CcBDDdB2mMYAcwOkUncZ30jhA?nav=eyJyZWZlcnJhbEluZm8iOnsicmVmZXJyYWxBcHAiOiJPbmVEcml2ZUZvckJ1c2luZXNzIiwicmVmZXJyYWxBcHBQbGF0Zm9ybSI6IldlYiIsInJlZmVycmFsTW9kZSI6InZpZXciLCJyZWZlcnJhbFZpZXciOiJNeUZpbGVzTGlua0NvcHkifX0&amp;e=mgcxI7\">Movilidad Corta Duracion Irene y Lucia L.mp3<\/a><\/p>\n\n\n\n<figure class=\"wp-block-image size-large\"><img loading=\"lazy\" decoding=\"async\" width=\"1024\" height=\"577\" src=\"https:\/\/radio.sopenabadajoz.org\/wp-content\/uploads\/2025\/05\/WhatsApp-Image-2025-05-22-at-11.14.53-1024x577.jpeg\" alt=\"\" class=\"wp-image-412\" srcset=\"https:\/\/radio.sopenabadajoz.org\/wp-content\/uploads\/2025\/05\/WhatsApp-Image-2025-05-22-at-11.14.53-1024x577.jpeg 1024w, https:\/\/radio.sopenabadajoz.org\/wp-content\/uploads\/2025\/05\/WhatsApp-Image-2025-05-22-at-11.14.53-300x169.jpeg 300w, https:\/\/radio.sopenabadajoz.org\/wp-content\/uploads\/2025\/05\/WhatsApp-Image-2025-05-22-at-11.14.53-768x432.jpeg 768w, https:\/\/radio.sopenabadajoz.org\/wp-content\/uploads\/2025\/05\/WhatsApp-Image-2025-05-22-at-11.14.53-1536x865.jpeg 1536w, https:\/\/radio.sopenabadajoz.org\/wp-content\/uploads\/2025\/05\/WhatsApp-Image-2025-05-22-at-11.14.53-107x60.jpeg 107w, https:\/\/radio.sopenabadajoz.org\/wp-content\/uploads\/2025\/05\/WhatsApp-Image-2025-05-22-at-11.14.53-840x473.jpeg 840w, https:\/\/radio.sopenabadajoz.org\/wp-content\/uploads\/2025\/05\/WhatsApp-Image-2025-05-22-at-11.14.53-1320x743.jpeg 1320w, https:\/\/radio.sopenabadajoz.org\/wp-content\/uploads\/2025\/05\/WhatsApp-Image-2025-05-22-at-11.14.53.jpeg 2000w\" sizes=\"auto, (max-width: 1024px) 100vw, 1024px\" \/><\/figure>\n\n\n\n<figure class=\"wp-block-image size-large is-resized\"><img loading=\"lazy\" decoding=\"async\" width=\"577\" height=\"1024\" src=\"https:\/\/radio.sopenabadajoz.org\/wp-content\/uploads\/2025\/05\/WhatsApp-Image-2025-05-22-at-11.14.52-1-2-577x1024.jpeg\" alt=\"\" class=\"wp-image-413\" style=\"width:406px;height:auto\" srcset=\"https:\/\/radio.sopenabadajoz.org\/wp-content\/uploads\/2025\/05\/WhatsApp-Image-2025-05-22-at-11.14.52-1-2-577x1024.jpeg 577w, https:\/\/radio.sopenabadajoz.org\/wp-content\/uploads\/2025\/05\/WhatsApp-Image-2025-05-22-at-11.14.52-1-2-169x300.jpeg 169w, https:\/\/radio.sopenabadajoz.org\/wp-content\/uploads\/2025\/05\/WhatsApp-Image-2025-05-22-at-11.14.52-1-2-768x1364.jpeg 768w, https:\/\/radio.sopenabadajoz.org\/wp-content\/uploads\/2025\/05\/WhatsApp-Image-2025-05-22-at-11.14.52-1-2-865x1536.jpeg 865w, https:\/\/radio.sopenabadajoz.org\/wp-content\/uploads\/2025\/05\/WhatsApp-Image-2025-05-22-at-11.14.52-1-2-34x60.jpeg 34w, https:\/\/radio.sopenabadajoz.org\/wp-content\/uploads\/2025\/05\/WhatsApp-Image-2025-05-22-at-11.14.52-1-2.jpeg 1126w\" sizes=\"auto, (max-width: 577px) 100vw, 577px\" \/><\/figure>\n","protected":false},"excerpt":{"rendered":"<p>Tras su aventura en Alemania de casi un mes, Irene y Lucia de 4\u00ba ESO nos cuentan para Radio Sope\u00f1a como ha ido su experiencia en una Movilidad ERASMUS+ de Corta Duraci\u00f3n. Su compa\u00f1era de &hellip; <\/p>\n","protected":false},"author":1,"featured_media":410,"comment_status":"open","ping_status":"closed","sticky":false,"template":"","format":"standard","meta":{"footnotes":""},"categories":[13,15,19],"tags":[17,10,26],"class_list":["post-407","post","type-post","status-publish","format-standard","has-post-thumbnail","hentry","category-ed-secundaria","category-erasmus","category-etwinning","tag-erasmus","tag-radio-escolar","tag-secundaria","latest_post"],"_links":{"self":[{"href":"https:\/\/radio.sopenabadajoz.org\/index.php?rest_route=\/wp\/v2\/posts\/407","targetHints":{"allow":["GET"]}}],"collection":[{"href":"https:\/\/radio.sopenabadajoz.org\/index.php?rest_route=\/wp\/v2\/posts"}],"about":[{"href":"https:\/\/radio.sopenabadajoz.org\/index.php?rest_route=\/wp\/v2\/types\/post"}],"author":[{"embeddable":true,"href":"https:\/\/radio.sopenabadajoz.org\/index.php?rest_route=\/wp\/v2\/users\/1"}],"replies":[{"embeddable":true,"href":"https:\/\/radio.sopenabadajoz.org\/index.php?rest_route=%2Fwp%2Fv2%2Fcomments&post=407"}],"version-history":[{"count":1,"href":"https:\/\/radio.sopenabadajoz.org\/index.php?rest_route=\/wp\/v2\/posts\/407\/revisions"}],"predecessor-version":[{"id":414,"href":"https:\/\/radio.sopenabadajoz.org\/index.php?rest_route=\/wp\/v2\/posts\/407\/revisions\/414"}],"wp:featuredmedia":[{"embeddable":true,"href":"https:\/\/radio.sopenabadajoz.org\/index.php?rest_route=\/wp\/v2\/media\/410"}],"wp:attachment":[{"href":"https:\/\/radio.sopenabadajoz.org\/index.php?rest_route=%2Fwp%2Fv2%2Fmedia&parent=407"}],"wp:term":[{"taxonomy":"category","embeddable":true,"href":"https:\/\/radio.sopenabadajoz.org\/index.php?rest_route=%2Fwp%2Fv2%2Fcategories&post=407"},{"taxonomy":"post_tag","embeddable":true,"href":"https:\/\/radio.sopenabadajoz.org\/index.php?rest_route=%2Fwp%2Fv2%2Ftags&post=407"}],"curies":[{"name":"wp","href":"https:\/\/api.w.org\/{rel}","templated":true}]}}