{"id":44,"date":"2018-12-01T11:53:00","date_gmt":"2018-12-01T11:53:00","guid":{"rendered":"https:\/\/radio.sopenabadajoz.org\/?p=44"},"modified":"2018-12-01T11:53:00","modified_gmt":"2018-12-01T11:53:00","slug":"especial-educacion-primaria","status":"publish","type":"post","link":"https:\/\/radio.sopenabadajoz.org\/?p=44","title":{"rendered":"Especial Educaci\u00f3n Primaria"},"content":{"rendered":"<p>Estimados seguidores,<\/p>\n<p>hemos decidido hacer un especial Primaria para haceros llegar algunos de los proyectos educativos que tenemos implantados en esta etapa. Abrimos con una entrevista a Don Servando, Director de EI y EP, quien recopila estos proyectos, para luego pasar el protagonismo a nuestros chicos como reporteros. \u00a1Esperamos que os guste!<\/p>\n<p>Aqu\u00ed van nuestros contenidos:<\/p>\n<table align=\"center\" cellpadding=\"0\" cellspacing=\"0\" style=\"margin-left: auto; margin-right: auto; text-align: center;\">\n<tbody>\n<tr>\n<td style=\"text-align: center;\"><a href=\"https:\/\/1.bp.blogspot.com\/-D436LadGOaU\/XAJ0vMzKV7I\/AAAAAAAABVs\/xF70i_4Vs1ctSE5do2Wxy51OxkAGACbIgCLcBGAs\/s1600\/a.JPG\" style=\"margin-left: auto; margin-right: auto;\"><img loading=\"lazy\" decoding=\"async\" border=\"0\" data-original-height=\"1068\" data-original-width=\"1600\" height=\"425\" src=\"https:\/\/1.bp.blogspot.com\/-D436LadGOaU\/XAJ0vMzKV7I\/AAAAAAAABVs\/xF70i_4Vs1ctSE5do2Wxy51OxkAGACbIgCLcBGAs\/s640\/a.JPG\" width=\"640\" \/><\/a><\/td>\n<\/tr>\n<tr>\n<td style=\"text-align: center;\"><b>En una completa pero no menos simp\u00e1tica entrevista de Israel, Servando explica algunas claves de nuestro proyecto educativo para Educaci\u00f3n Primaria.<\/b><\/td>\n<\/tr>\n<\/tbody>\n<\/table>\n<p><\/p>\n<table align=\"center\" cellpadding=\"0\" cellspacing=\"0\" style=\"margin-left: auto; margin-right: auto; text-align: center;\">\n<tbody>\n<tr>\n<td style=\"text-align: center;\"><a href=\"https:\/\/2.bp.blogspot.com\/-EeKQkrb49gA\/XAJ0vC2gZ6I\/AAAAAAAABVw\/KUUptQl676gaYs827fYQSasa_levzdJPgCLcBGAs\/s1600\/b.JPG\" style=\"margin-left: auto; margin-right: auto;\"><img loading=\"lazy\" decoding=\"async\" border=\"0\" data-original-height=\"1068\" data-original-width=\"1600\" height=\"425\" src=\"https:\/\/2.bp.blogspot.com\/-EeKQkrb49gA\/XAJ0vC2gZ6I\/AAAAAAAABVw\/KUUptQl676gaYs827fYQSasa_levzdJPgCLcBGAs\/s640\/b.JPG\" width=\"640\" \/><\/a><\/td>\n<\/tr>\n<tr>\n<td style=\"text-align: center;\"><b>Paola y \u00c1lvaro entrevistan a la Se\u00f1orita Carmen: \u00a1quieren conocer detalles de nuestro festival de Navidad!<\/b><\/td>\n<\/tr>\n<\/tbody>\n<\/table>\n<p><\/p>\n<table align=\"center\" cellpadding=\"0\" cellspacing=\"0\" style=\"margin-left: auto; margin-right: auto; text-align: center;\">\n<tbody>\n<tr>\n<td style=\"text-align: center;\"><a href=\"https:\/\/1.bp.blogspot.com\/-vtMn2gQyajU\/XAJ0vfWl9WI\/AAAAAAAABV0\/uve2352g7F8c6stR7gZkuJUbpT9dGlf9gCLcBGAs\/s1600\/c.JPG\" style=\"margin-left: auto; margin-right: auto;\"><img loading=\"lazy\" decoding=\"async\" border=\"0\" data-original-height=\"1200\" data-original-width=\"1600\" height=\"480\" src=\"https:\/\/1.bp.blogspot.com\/-vtMn2gQyajU\/XAJ0vfWl9WI\/AAAAAAAABV0\/uve2352g7F8c6stR7gZkuJUbpT9dGlf9gCLcBGAs\/s640\/c.JPG\" width=\"640\" \/><\/a><\/td>\n<\/tr>\n<tr>\n<td style=\"text-align: center;\"><b>Teresa, antigua alumna Sope\u00f1a, es ahora profesora en pr\u00e1cticas en nuestro centro. Una entrevista de lo m\u00e1s emotiva realizada por Martina y Javier.<\/b><\/td>\n<\/tr>\n<\/tbody>\n<\/table>\n<p><\/p>\n<table align=\"center\" cellpadding=\"0\" cellspacing=\"0\" style=\"margin-left: auto; margin-right: auto; text-align: center;\">\n<tbody>\n<tr>\n<td style=\"text-align: center;\"><a href=\"https:\/\/3.bp.blogspot.com\/-nduAu6OXB0I\/XAJ0wu1FVzI\/AAAAAAAABV8\/KIjEBnoFmlERlwQz43BrVlsnpb2vImrbACLcBGAs\/s1600\/d.jpg\" style=\"margin-left: auto; margin-right: auto;\"><img loading=\"lazy\" decoding=\"async\" border=\"0\" data-original-height=\"1200\" data-original-width=\"1600\" height=\"480\" src=\"https:\/\/3.bp.blogspot.com\/-nduAu6OXB0I\/XAJ0wu1FVzI\/AAAAAAAABV8\/KIjEBnoFmlERlwQz43BrVlsnpb2vImrbACLcBGAs\/s640\/d.jpg\" width=\"640\" \/><\/a><\/td>\n<\/tr>\n<tr>\n<td style=\"text-align: center;\"><b>\u00c1ngel, profesor reci\u00e9n llegado a Sope\u00f1a, quiere conocer nuestro innovador m\u00e9todo de ense\u00f1anza de ingl\u00e9s: m\u00e9todo AMCO. La se\u00f1orita Isabel nos dar\u00e1 todos los detalles.<\/b><\/td>\n<\/tr>\n<\/tbody>\n<\/table>\n<p><\/p>\n<table align=\"center\" cellpadding=\"0\" cellspacing=\"0\" style=\"margin-left: auto; margin-right: auto; text-align: center;\">\n<tbody>\n<tr>\n<td style=\"text-align: center;\"><a href=\"https:\/\/3.bp.blogspot.com\/-R0lmZRNnA_M\/XAJ0wBfr-GI\/AAAAAAAABV4\/6C8RHe8u4YA8l8k97pW2uxI7AIdVCvGpwCLcBGAs\/s1600\/e.jpg\" style=\"margin-left: auto; margin-right: auto;\"><img loading=\"lazy\" decoding=\"async\" border=\"0\" data-original-height=\"1200\" data-original-width=\"1600\" height=\"480\" src=\"https:\/\/3.bp.blogspot.com\/-R0lmZRNnA_M\/XAJ0wBfr-GI\/AAAAAAAABV4\/6C8RHe8u4YA8l8k97pW2uxI7AIdVCvGpwCLcBGAs\/s640\/e.jpg\" width=\"640\" \/><\/a><\/td>\n<\/tr>\n<tr>\n<td style=\"text-align: center;\"><b>Juli, nuestra directora del coro nos habla de nuestras pr\u00f3ximas actuaciones, solidarias y de ocio, que tenemos proyectadas. Luc\u00eda y Alberto nos hablar\u00e1n de esta actividad<\/b><br \/><b><br \/><\/b><b><br \/><\/b><b><br \/><\/b><\/td>\n<\/tr>\n<\/tbody>\n<\/table>\n<p><iframe loading=\"lazy\" height=\"150\" src=\"https:\/\/drive.google.com\/file\/d\/1EWobzy4WBczAeJ4fsF3017LHWyUq0dOn\/preview\" width=\"300\"><\/iframe><\/p>\n","protected":false},"excerpt":{"rendered":"<p>Estimados seguidores, hemos decidido hacer un especial Primaria para haceros llegar algunos de los proyectos educativos que tenemos implantados en esta etapa. Abrimos con una entrevista a Don Servando, Director de EI y EP, quien &hellip; <\/p>\n","protected":false},"author":1,"featured_media":0,"comment_status":"open","ping_status":"closed","sticky":false,"template":"","format":"standard","meta":{"footnotes":""},"categories":[3],"tags":[],"class_list":["post-44","post","type-post","status-publish","format-standard","hentry","category-especial-primaria","latest_post"],"_links":{"self":[{"href":"https:\/\/radio.sopenabadajoz.org\/index.php?rest_route=\/wp\/v2\/posts\/44","targetHints":{"allow":["GET"]}}],"collection":[{"href":"https:\/\/radio.sopenabadajoz.org\/index.php?rest_route=\/wp\/v2\/posts"}],"about":[{"href":"https:\/\/radio.sopenabadajoz.org\/index.php?rest_route=\/wp\/v2\/types\/post"}],"author":[{"embeddable":true,"href":"https:\/\/radio.sopenabadajoz.org\/index.php?rest_route=\/wp\/v2\/users\/1"}],"replies":[{"embeddable":true,"href":"https:\/\/radio.sopenabadajoz.org\/index.php?rest_route=%2Fwp%2Fv2%2Fcomments&post=44"}],"version-history":[{"count":0,"href":"https:\/\/radio.sopenabadajoz.org\/index.php?rest_route=\/wp\/v2\/posts\/44\/revisions"}],"wp:attachment":[{"href":"https:\/\/radio.sopenabadajoz.org\/index.php?rest_route=%2Fwp%2Fv2%2Fmedia&parent=44"}],"wp:term":[{"taxonomy":"category","embeddable":true,"href":"https:\/\/radio.sopenabadajoz.org\/index.php?rest_route=%2Fwp%2Fv2%2Fcategories&post=44"},{"taxonomy":"post_tag","embeddable":true,"href":"https:\/\/radio.sopenabadajoz.org\/index.php?rest_route=%2Fwp%2Fv2%2Ftags&post=44"}],"curies":[{"name":"wp","href":"https:\/\/api.w.org\/{rel}","templated":true}]}}