{"id":45,"date":"2018-11-17T08:26:00","date_gmt":"2018-11-17T08:26:00","guid":{"rendered":"https:\/\/radio.sopenabadajoz.org\/?p=45"},"modified":"2018-11-17T08:26:00","modified_gmt":"2018-11-17T08:26:00","slug":"radio-sopena-noviembre","status":"publish","type":"post","link":"https:\/\/radio.sopenabadajoz.org\/?p=45","title":{"rendered":"Radio Sope\u00f1a: Noviembre"},"content":{"rendered":"<p>Estimados seguidores,<\/p>\n<p>ha costado trabajo seleccionar todas las noticias y protagonistas para este mes de noviembre. Hemos hecho de todo en el colegio. Dejadme destacar nuestro esp\u00edritu solidario y la calidad de las personas que colaboran d\u00eda a d\u00eda para que nuestro centro sea din\u00e1mico y vaya de avanzadilla en este mundo tan complicado de la educaci\u00f3n.<\/p>\n<p>Tras un bonito mini-poema de Luc\u00eda, Paula y \u00c1lvaro dedicado a nuestra ciudad&#8230;<\/p>\n<table align=\"center\" cellpadding=\"0\" cellspacing=\"0\" style=\"margin-left: auto; margin-right: auto; text-align: center;\">\n<tbody>\n<tr>\n<td style=\"text-align: center;\"><a href=\"https:\/\/3.bp.blogspot.com\/-YDsiOdtmsYM\/W-_PazvSfKI\/AAAAAAAABUQ\/RxQfZ3e8b6Yhv3Xgg4fV3TQdOK0vYVtHgCLcBGAs\/s1600\/a.jpg\" style=\"margin-left: auto; margin-right: auto;\"><img loading=\"lazy\" decoding=\"async\" border=\"0\" data-original-height=\"1600\" data-original-width=\"1200\" height=\"400\" src=\"https:\/\/3.bp.blogspot.com\/-YDsiOdtmsYM\/W-_PazvSfKI\/AAAAAAAABUQ\/RxQfZ3e8b6Yhv3Xgg4fV3TQdOK0vYVtHgCLcBGAs\/s400\/a.jpg\" width=\"300\" \/><\/a><\/td>\n<\/tr>\n<tr>\n<td style=\"text-align: center;\"><b><span style=\"font-size: large;\">Akel nos hablar\u00e1 de biling\u00fcismo en Educaci\u00f3n f\u00edsica<\/span><\/b><\/td>\n<\/tr>\n<\/tbody>\n<\/table>\n<p><\/p>\n<table align=\"center\" cellpadding=\"0\" cellspacing=\"0\" style=\"margin-left: auto; margin-right: auto; text-align: center;\">\n<tbody>\n<tr>\n<td style=\"text-align: center;\"><a href=\"https:\/\/2.bp.blogspot.com\/-D_p1KRvqd1E\/W-_PazMactI\/AAAAAAAABUU\/oCLrtFFNSH4QWTRbkAv4D67PX83TClq4wCLcBGAs\/s1600\/b.jpg\" style=\"margin-left: auto; margin-right: auto;\"><img loading=\"lazy\" decoding=\"async\" border=\"0\" data-original-height=\"900\" data-original-width=\"1600\" height=\"180\" src=\"https:\/\/2.bp.blogspot.com\/-D_p1KRvqd1E\/W-_PazMactI\/AAAAAAAABUU\/oCLrtFFNSH4QWTRbkAv4D67PX83TClq4wCLcBGAs\/s320\/b.jpg\" width=\"320\" \/><\/a><\/td>\n<\/tr>\n<tr>\n<td style=\"text-align: center;\"><b><span style=\"font-size: large;\">Pepa y Susana nos hablar\u00e1n del AMPA. Los proyectos realizados y los que est\u00e1n por venir.<\/span><\/b><\/td>\n<\/tr>\n<\/tbody>\n<\/table>\n<p><\/p>\n<table align=\"center\" cellpadding=\"0\" cellspacing=\"0\" style=\"margin-left: auto; margin-right: auto; text-align: center;\">\n<tbody>\n<tr>\n<td style=\"text-align: center;\"><a href=\"https:\/\/3.bp.blogspot.com\/-dqsBMEYdRNI\/W-_Pa5dsAMI\/AAAAAAAABUY\/TcDkUmQClUwJ8oE6o1_rUKr9SQR3kRwGQCLcBGAs\/s1600\/c.jpg\" style=\"margin-left: auto; margin-right: auto;\"><img loading=\"lazy\" decoding=\"async\" border=\"0\" data-original-height=\"1600\" data-original-width=\"1200\" height=\"320\" src=\"https:\/\/3.bp.blogspot.com\/-dqsBMEYdRNI\/W-_Pa5dsAMI\/AAAAAAAABUY\/TcDkUmQClUwJ8oE6o1_rUKr9SQR3kRwGQCLcBGAs\/s320\/c.jpg\" width=\"240\" \/><\/a><\/td>\n<\/tr>\n<tr>\n<td style=\"text-align: center;\"><b><span style=\"font-size: large;\">Emma y Ariadna, de 2\u00ba ESO, son dos lectoras de altura que est\u00e1n batiendo r\u00e9cords con su carnet de lectoras aventureras.<\/span><\/b><\/td>\n<\/tr>\n<\/tbody>\n<\/table>\n<p><\/p>\n<table align=\"center\" cellpadding=\"0\" cellspacing=\"0\" style=\"margin-left: auto; margin-right: auto; text-align: center;\">\n<tbody>\n<tr>\n<td style=\"text-align: center;\"><a href=\"https:\/\/2.bp.blogspot.com\/-4zWI_By-UnY\/W-_PbR0jbLI\/AAAAAAAABUc\/QMKCAqYngkUhiPxtyHcJFWi6feEW_vJAACLcBGAs\/s1600\/d.jpg\" style=\"margin-left: auto; margin-right: auto;\"><img loading=\"lazy\" decoding=\"async\" border=\"0\" data-original-height=\"1600\" data-original-width=\"1200\" height=\"320\" src=\"https:\/\/2.bp.blogspot.com\/-4zWI_By-UnY\/W-_PbR0jbLI\/AAAAAAAABUc\/QMKCAqYngkUhiPxtyHcJFWi6feEW_vJAACLcBGAs\/s320\/d.jpg\" width=\"240\" \/><\/a><\/td>\n<\/tr>\n<tr>\n<td style=\"text-align: center;\"><b><span style=\"font-size: large;\">Laura y Jeisson, de 2\u00ba de Gesti\u00f3n administrativa, han colaborado con la residencia de mayores &#8216;Puente Real&#8217; y la Perrera de Badajoz a trav\u00e9s de un proyecto solidario de nuestro colegio en colaboraci\u00f3n con la Plataforma de Voluntariado de Badajoz. Nos cuentan su experiencia.<\/span><\/b><\/td>\n<\/tr>\n<\/tbody>\n<\/table>\n<p><\/p>\n<table align=\"center\" cellpadding=\"0\" cellspacing=\"0\" style=\"margin-left: auto; margin-right: auto; text-align: center;\">\n<tbody>\n<tr>\n<td style=\"text-align: center;\"><a href=\"https:\/\/3.bp.blogspot.com\/-PM3SAniswWU\/W-_Pb7wCbAI\/AAAAAAAABUg\/5mcxblP_BOUwDL2EY0S_P8HkLj19iWsugCLcBGAs\/s1600\/e.jpg\" style=\"margin-left: auto; margin-right: auto;\"><img loading=\"lazy\" decoding=\"async\" border=\"0\" data-original-height=\"1600\" data-original-width=\"1200\" height=\"320\" src=\"https:\/\/3.bp.blogspot.com\/-PM3SAniswWU\/W-_Pb7wCbAI\/AAAAAAAABUg\/5mcxblP_BOUwDL2EY0S_P8HkLj19iWsugCLcBGAs\/s320\/e.jpg\" width=\"240\" \/><\/a><\/td>\n<\/tr>\n<tr>\n<td style=\"text-align: center;\"><span style=\"font-size: large; font-weight: bold;\">Antonio, 3\u00baESO, y Daniel, 4\u00baESO, nos hablan de su pasi\u00f3n: la rob\u00f3tica<\/span><\/p>\n<div style=\"text-align: left;\"><span style=\"font-size: small;\">Que lo disfrut\u00e9is. Haz clic en el reproductor para escuchar el programa:<\/span><\/div>\n<div style=\"font-size: x-large; text-align: left;\"><span style=\"font-weight: 700;\"><br \/><\/span><\/div>\n<div style=\"font-size: x-large; text-align: left;\">\n<div style=\"clear: both; text-align: center;\"><\/div>\n<p><span style=\"font-weight: 700;\"><br \/><\/span><\/div>\n<\/td>\n<\/tr>\n<\/tbody>\n<\/table>\n<p><iframe loading=\"lazy\" src=\"https:\/\/drive.google.com\/file\/d\/16IoemagU8BlTjBjv56_9pW_NBQgcb45W\/preview\" width=\"340\" height=\"180\"><\/iframe><\/p>\n","protected":false},"excerpt":{"rendered":"<p>Estimados seguidores, ha costado trabajo seleccionar todas las noticias y protagonistas para este mes de noviembre. Hemos hecho de todo en el colegio. Dejadme destacar nuestro esp\u00edritu solidario y la calidad de las personas que &hellip; <\/p>\n","protected":false},"author":1,"featured_media":0,"comment_status":"open","ping_status":"closed","sticky":false,"template":"","format":"standard","meta":{"footnotes":""},"categories":[4],"tags":[],"class_list":["post-45","post","type-post","status-publish","format-standard","hentry","category-noviembre","latest_post"],"_links":{"self":[{"href":"https:\/\/radio.sopenabadajoz.org\/index.php?rest_route=\/wp\/v2\/posts\/45","targetHints":{"allow":["GET"]}}],"collection":[{"href":"https:\/\/radio.sopenabadajoz.org\/index.php?rest_route=\/wp\/v2\/posts"}],"about":[{"href":"https:\/\/radio.sopenabadajoz.org\/index.php?rest_route=\/wp\/v2\/types\/post"}],"author":[{"embeddable":true,"href":"https:\/\/radio.sopenabadajoz.org\/index.php?rest_route=\/wp\/v2\/users\/1"}],"replies":[{"embeddable":true,"href":"https:\/\/radio.sopenabadajoz.org\/index.php?rest_route=%2Fwp%2Fv2%2Fcomments&post=45"}],"version-history":[{"count":0,"href":"https:\/\/radio.sopenabadajoz.org\/index.php?rest_route=\/wp\/v2\/posts\/45\/revisions"}],"wp:attachment":[{"href":"https:\/\/radio.sopenabadajoz.org\/index.php?rest_route=%2Fwp%2Fv2%2Fmedia&parent=45"}],"wp:term":[{"taxonomy":"category","embeddable":true,"href":"https:\/\/radio.sopenabadajoz.org\/index.php?rest_route=%2Fwp%2Fv2%2Fcategories&post=45"},{"taxonomy":"post_tag","embeddable":true,"href":"https:\/\/radio.sopenabadajoz.org\/index.php?rest_route=%2Fwp%2Fv2%2Ftags&post=45"}],"curies":[{"name":"wp","href":"https:\/\/api.w.org\/{rel}","templated":true}]}}