{"id":465,"date":"2025-10-16T12:48:13","date_gmt":"2025-10-16T12:48:13","guid":{"rendered":"https:\/\/radio.sopenabadajoz.org\/?p=465"},"modified":"2025-11-19T17:23:25","modified_gmt":"2025-11-19T17:23:25","slug":"plan-de-fuga-erasmus-days","status":"publish","type":"post","link":"https:\/\/radio.sopenabadajoz.org\/?p=465","title":{"rendered":"PLAN DE FUGA&#8230; ERASMUS DAYS"},"content":{"rendered":"\n<p>Nuestro alumnado sigue dando vida al programa plan de fuga. En este programa han querido celebrar los erasmus days. Y vaya si lo han hecho. En este enlace pod\u00e9is ver nuestra actividad. <a href=\"https:\/\/www.erasmusdays.eu\/event\/plan-de-fuga\/\">https:\/\/www.erasmusdays.eu\/event\/plan-de-fuga\/<\/a><\/p>\n\n\n\n<p>Un programa que ha contado con nuestro profesor Alberto Arroyo que junto a un grupo de estudiantes ha disfrutado de nuestra \u00faltima experiencia Erasmus. Que siguen transformando a nuestros alumnados. En el programa pod\u00e9is conocer c\u00f3mo lo ha hecho esta extraordinaria experiencia. <\/p>\n\n\n\n<figure class=\"wp-block-audio\"><audio controls src=\"https:\/\/radio.sopenabadajoz.org\/wp-content\/uploads\/2025\/10\/plan-de-fuga-Holanda-1-1.mp3\"><\/audio><\/figure>\n\n\n\n<figure class=\"wp-block-image size-large\"><img loading=\"lazy\" decoding=\"async\" width=\"1024\" height=\"771\" src=\"https:\/\/radio.sopenabadajoz.org\/wp-content\/uploads\/2025\/10\/MARTES-30-SALIDA-A-GRANJA-Y-MOLINO-MARTA-ALEJANDRO-PABLO-Y-JULIA-1024x771.jpeg\" alt=\"\" class=\"wp-image-467\" srcset=\"https:\/\/radio.sopenabadajoz.org\/wp-content\/uploads\/2025\/10\/MARTES-30-SALIDA-A-GRANJA-Y-MOLINO-MARTA-ALEJANDRO-PABLO-Y-JULIA-1024x771.jpeg 1024w, https:\/\/radio.sopenabadajoz.org\/wp-content\/uploads\/2025\/10\/MARTES-30-SALIDA-A-GRANJA-Y-MOLINO-MARTA-ALEJANDRO-PABLO-Y-JULIA-300x226.jpeg 300w, https:\/\/radio.sopenabadajoz.org\/wp-content\/uploads\/2025\/10\/MARTES-30-SALIDA-A-GRANJA-Y-MOLINO-MARTA-ALEJANDRO-PABLO-Y-JULIA-768x578.jpeg 768w, https:\/\/radio.sopenabadajoz.org\/wp-content\/uploads\/2025\/10\/MARTES-30-SALIDA-A-GRANJA-Y-MOLINO-MARTA-ALEJANDRO-PABLO-Y-JULIA-1536x1157.jpeg 1536w, https:\/\/radio.sopenabadajoz.org\/wp-content\/uploads\/2025\/10\/MARTES-30-SALIDA-A-GRANJA-Y-MOLINO-MARTA-ALEJANDRO-PABLO-Y-JULIA-80x60.jpeg 80w, https:\/\/radio.sopenabadajoz.org\/wp-content\/uploads\/2025\/10\/MARTES-30-SALIDA-A-GRANJA-Y-MOLINO-MARTA-ALEJANDRO-PABLO-Y-JULIA-1320x994.jpeg 1320w, https:\/\/radio.sopenabadajoz.org\/wp-content\/uploads\/2025\/10\/MARTES-30-SALIDA-A-GRANJA-Y-MOLINO-MARTA-ALEJANDRO-PABLO-Y-JULIA.jpeg 2040w\" sizes=\"auto, (max-width: 1024px) 100vw, 1024px\" \/><\/figure>\n\n\n\n<p><\/p>\n","protected":false},"excerpt":{"rendered":"<p>Nuestro alumnado sigue dando vida al programa plan de fuga. En este programa han querido celebrar los erasmus days. Y vaya si lo han hecho. En este enlace pod\u00e9is ver nuestra actividad. https:\/\/www.erasmusdays.eu\/event\/plan-de-fuga\/ Un programa &hellip; <\/p>\n","protected":false},"author":1,"featured_media":468,"comment_status":"open","ping_status":"closed","sticky":false,"template":"","format":"standard","meta":{"footnotes":""},"categories":[24,13,15,1],"tags":[17,26],"class_list":["post-465","post","type-post","status-publish","format-standard","has-post-thumbnail","hentry","category-deporte","category-ed-secundaria","category-erasmus","category-uncategorized","tag-erasmus","tag-secundaria","latest_post"],"_links":{"self":[{"href":"https:\/\/radio.sopenabadajoz.org\/index.php?rest_route=\/wp\/v2\/posts\/465","targetHints":{"allow":["GET"]}}],"collection":[{"href":"https:\/\/radio.sopenabadajoz.org\/index.php?rest_route=\/wp\/v2\/posts"}],"about":[{"href":"https:\/\/radio.sopenabadajoz.org\/index.php?rest_route=\/wp\/v2\/types\/post"}],"author":[{"embeddable":true,"href":"https:\/\/radio.sopenabadajoz.org\/index.php?rest_route=\/wp\/v2\/users\/1"}],"replies":[{"embeddable":true,"href":"https:\/\/radio.sopenabadajoz.org\/index.php?rest_route=%2Fwp%2Fv2%2Fcomments&post=465"}],"version-history":[{"count":1,"href":"https:\/\/radio.sopenabadajoz.org\/index.php?rest_route=\/wp\/v2\/posts\/465\/revisions"}],"predecessor-version":[{"id":469,"href":"https:\/\/radio.sopenabadajoz.org\/index.php?rest_route=\/wp\/v2\/posts\/465\/revisions\/469"}],"wp:featuredmedia":[{"embeddable":true,"href":"https:\/\/radio.sopenabadajoz.org\/index.php?rest_route=\/wp\/v2\/media\/468"}],"wp:attachment":[{"href":"https:\/\/radio.sopenabadajoz.org\/index.php?rest_route=%2Fwp%2Fv2%2Fmedia&parent=465"}],"wp:term":[{"taxonomy":"category","embeddable":true,"href":"https:\/\/radio.sopenabadajoz.org\/index.php?rest_route=%2Fwp%2Fv2%2Fcategories&post=465"},{"taxonomy":"post_tag","embeddable":true,"href":"https:\/\/radio.sopenabadajoz.org\/index.php?rest_route=%2Fwp%2Fv2%2Ftags&post=465"}],"curies":[{"name":"wp","href":"https:\/\/api.w.org\/{rel}","templated":true}]}}